{"id":430,"uuid":"17db7a7e-061e-4301-a0bd-41eefe4a179b","name":"Plecak Deuter Trans Alpine 30","slug":"plecak-deuter-trans-alpine-30","urls_per_locale":{"cs":"https:\/\/www.68travel.cz\/produkt\/trans-alpine-30","de":"https:\/\/www.68travel.de\/produkt\/deuter-trans-alpine-30","en":"https:\/\/www.68travel.com\/product\/trans-alpine-30","es":"https:\/\/www.68travel.es\/producto\/trans-alpine-30","fr":"https:\/\/www.68travel.fr\/produit\/trans-alpine-30","it":"https:\/\/www.68travel.it\/prodotto\/trans-alpine-30","sk":"https:\/\/www.68travel.sk\/produkt\/deuter-trans-alpine-30","pl":"https:\/\/www.68travel.pl\/produkt\/plecak-deuter-trans-alpine-30","pt":"https:\/\/www.68travel.pt\/produto\/mochila-deuter-trans-alpine-30","ro":"https:\/\/www.68travel.ro\/produs\/rucsac-deuter-trans-alpine-30","hu":"https:\/\/www.68travel.hu\/termek\/deuter-trans-alpine-30-hatizsak","nl":"https:\/\/www.68travel.nl\/product\/deuter-trans-alpine-30-rugzak","et":"https:\/\/www.68travel.ee\/toode\/deuter-trans-alpine-30-seljakott","da":"https:\/\/www.68travel.dk\/produkt\/deuter-trans-alpine-30-rygsaek","fi":"https:\/\/www.68travel.fi\/tuote\/deuter-trans-alpine-30-reppu","bg":"https:\/\/www.68travel.bg\/produkt\/ranica-deuter-trans-alpine-30","hr":"https:\/\/www.68travel.hr\/proizvod\/ruksak-deuter-trans-alpine-30","sl":"https:\/\/www.68travel.si\/izdelek\/deuter-trans-alpine-30-nahrbtnik","sv":"https:\/\/www.68travel.se\/produkt\/deuter-trans-alpine-30-ryggsack","nb":"https:\/\/www.68travel.no\/produkt\/deuter-trans-alpine-30-ryggsekk","ja":"https:\/\/www.68travel.jp\/product\/trans-alpine-30","el":"https:\/\/www.68travel.gr\/proion\/deuter-trans-alpine-30-sakidio-platis"},"perex":"Nowy plecak Trans Alpine w nowej ods\u0142onie oferuje standardow\u0105 jako\u015b\u0107 i funkcje. Uchwyt na kask, kt\u00f3ry jest szybki i \u0142atwy w obs\u0142udze, oraz komora na pompk\u0119, kt\u00f3ra jest \u0142atwo dost\u0119pna z zewn\u0105trz, s\u0105 ca\u0142kowicie nowe. Nowy system plec\u00f3w zapewnia lepsz\u0105 wentylacj\u0119 dzi\u0119ki mniejszej powierzchni styku i bardziej elastycznym paskom naramiennym dla wi\u0119kszej swobody ruch\u00f3w.","description":"<p><strong>Cechy<\/strong><\/p>\n\n\n<ul>\n\t<li>Regulowane podp\u00f3rki<\/li>\n\t<li>Paski regulacji obci\u0105\u017cenia<\/li>\n\t<li>Siatkowe p\u0142etwy biodrowe<\/li>\n\t<li>Oddzielna komora dolna z zamkiem b\u0142yskawicznym<\/li>\n\t<li>Boczna kiesze\u0144 na smartfon<\/li>\n\t<li>Rozci\u0105gliwe kieszenie boczne<\/li>\n\t<li>Uchwyt na gogle na pasku na rami\u0119<\/li>\n\t<li>Elastyczna komora wewn\u0119trzna do przechowywania mokrej\/spoconej odzie\u017cy, zbiornika na wod\u0119 itp.<\/li>\n\t<li>Pokrowiec przeciwdeszczowy<\/li>\n\t<li>zorganizowana komora przednia<\/li>\n\t<li>Regulowany pas mostkowy<\/li>\n\t<li>Kompatybilny z 3,0-litrowym systemem do picia\/torb\u0105<\/li>\n\t<li>Etykieta SOS<\/li>\n\t<li>Wewn\u0119trzny schowek na cenne przedmioty<\/li>\n\t<li>Zdejmowana mata do siedzenia<\/li>\n\t<li>klipsy na kask<\/li>\n\t<li>Przednia kiesze\u0144 z du\u017c\u0105 sekcj\u0105 organizacyjn\u0105 i zapinan\u0105 na zamek kieszeni\u0105 z siatki na w\u0105\u017c, narz\u0119dzia i uchwyt na pompk\u0119.<\/li>\n\t<li>Odblaski dla lepszej widoczno\u015bci<\/li>\n\t<li>Paski kompresyjne<\/li>\n\t<li>System Airstripes<\/li>\n\t<li>Nie zawiera PFC<\/li>\n<\/ul>","seo_title":"","seo_description":"","image_url":"https:\/\/storage-68travel.fra1.digitaloceanspaces.com\/images\/wp\/wp-content\/2022\/05\/dueter-trans-alpine-30-caly-marine.jpg","detail_image_url":"https:\/\/storage-68travel.fra1.digitaloceanspaces.com\/images\/wp\/wp-content\/2022\/05\/dueter-trans-alpine-30-caly-marine.jpg","category":{"uuid":"e8e913a9-59b5-43d7-97e5-8d120d0565bc","name":"Plecaki","slug":"plecaki"},"brand":{"uuid":"8109a93b-5136-4b8a-a56e-b024351848ff","name":"Deuter","slug":"deuter"},"currency":"PLN","retail_price":0,"retail_price_discounted":0,"sku":null,"url":"https:\/\/www.68travel.pl\/produkt\/plecak-deuter-trans-alpine-30"}